{"id":2484,"date":"2021-10-02T20:41:46","date_gmt":"2021-10-02T18:41:46","guid":{"rendered":"https:\/\/vendeeequievents.com\/montlau\/?p=2484"},"modified":"2022-01-02T20:53:10","modified_gmt":"2022-01-02T19:53:10","slug":"nuit-magique-au-chateau-montlau","status":"publish","type":"post","link":"https:\/\/www.chateau-montlau.com\/index.php\/2021\/10\/02\/nuit-magique-au-chateau-montlau\/","title":{"rendered":"Nuit magique au Ch\u00e2teau Montlau"},"content":{"rendered":"\n<div class=\"wp-block-image\"><figure class=\"aligncenter size-full\"><img loading=\"lazy\" decoding=\"async\" width=\"626\" height=\"626\" src=\"https:\/\/vendeeequievents.com\/montlau\/wp-content\/uploads\/2022\/01\/image007.jpg\" alt=\"\" class=\"wp-image-2485\" srcset=\"https:\/\/www.chateau-montlau.com\/wp-content\/uploads\/2022\/01\/image007.jpg 626w, https:\/\/www.chateau-montlau.com\/wp-content\/uploads\/2022\/01\/image007-300x300.jpg 300w, https:\/\/www.chateau-montlau.com\/wp-content\/uploads\/2022\/01\/image007-150x150.jpg 150w\" sizes=\"auto, (max-width: 626px) 100vw, 626px\" \/><\/figure><\/div>\n\n\n\n<p>Le Ch\u00e2teau Montlau, Domaine viticole depuis 1473, ouvre ses portes pour la 3\u00e8me \u00e9dition de la Nuit des Ch\u00e2teaux, organis\u00e9e par DARTAGNANS, soci\u00e9t\u00e9 ayant pour objectif de promouvoir le patrimoine fran\u00e7ais.<\/p>\n\n\n\n<!--more-->\n\n\n\n<p><br>Le Ch\u00e2teau MONTLAU de la famille Schuster De Ballwil a souhait\u00e9 participer \u00e0 cet \u00e9v\u00e9nement, La Nuit des Ch\u00e2teaux, \u00e9dition 2021 afin d\u2019ouvrir ses portes au public et ainsi faire vivre une exp\u00e9rience aux amoureux de l\u2019Histoire, du vin et de l\u2019art et sera l&rsquo;unique Ch\u00e2teau girondin partenaire de ce superbe et attendu \u00e9v\u00e9nement.<br><\/p>\n\n\n\n<p>Dans le cadre de sa 50\u00e8me ann\u00e9e de r\u00e9colte \u00e0 la t\u00eate de la propri\u00e9t\u00e9, Monsieur Armand Schuster De Ballwil souhaite faire d\u00e9couvrir ou red\u00e9couvrir son domaine et ses vins.<br>La soir\u00e9e sera riche en points forts. L\u2019artiste, Franck ESPAGNET, exposera ses animaux en bois flott\u00e9s dans les jardins et ils prendront vie gr\u00e2ce aux jeux de lumi\u00e8res d\u00e8s la tomb\u00e9e de la nuit. Lors de l\u2019escape-game, les visiteurs participeront \u00e0 la recherche de l\u2019\u0153nologue perdu afin de ne pas manquer le Concours du meilleur vin de la R\u00e9gion, que l\u2019Elys\u00e9e organise, et auquel le Ch\u00e2teau a souhait\u00e9 participer.<br>Enfin, la soir\u00e9e se terminera par la visite du ch\u00e2teau \u00e0 la bougie avec l\u2019histoire de MONTLAU racont\u00e9e par A. Schuster de Ballwil.<br>Un Bar \u00e0 vins et une restauration sur place seront propos\u00e9s.<br>La Nuit des Ch\u00e2teaux &#8211; Samedi 23 Octobre 2021, A partir de 17h00<br><\/p>\n\n\n\n<p><strong>Programme :<\/strong><\/p>\n\n\n\n<ul class=\"wp-block-list\"><li>Visite du ch\u00e2teau et D\u00e9gustation<\/li><li>Escape-Game &#8211; A la recherche de l\u2019\u0153nologue perdue<\/li><li>Exposition des \u0153uvres en bois flott\u00e9s de l\u2019artiste, Franck ESPAGNET dans tous les jardins du Ch\u00e2teau<\/li><li>Restauration sur r\u00e9servation et Bar \u00e0 vins sur place<br><\/li><\/ul>\n\n\n\n<p><span style=\"font-size: revert; color: initial;\">En partenariat avec DARTAGNANS.<\/span><\/p>\n\n\n\n<p>Billetterie et r\u00e9servation en ligne uniquement : <a href=\"https:\/\/www.nuitdeschateaux.com\/\" target=\"_blank\" rel=\"noreferrer noopener\">www.nuitdeschateaux.com<\/a><\/p>\n\n\n\n<p>Renseignements : 05 57 84 50 71<\/p>\n","protected":false},"excerpt":{"rendered":"<p>Le Ch\u00e2teau MONTLAU de la famille Schuster De Ballwil a souhait\u00e9 participer cet \u00e9v\u00e9nement, La Nuit des Ch\u00e2teaux, \u00e9dition 2021 afin d\u2019ouvrir ses portes au public et ainsi faire vivre une exp\u00e9rience aux amoureux de l\u2019Histoire, du vin et de l\u2019art.<\/p>\n","protected":false},"author":1,"featured_media":0,"comment_status":"open","ping_status":"open","sticky":false,"template":"","format":"standard","meta":{"footnotes":""},"categories":[8],"tags":[10,9,11],"class_list":["post-2484","post","type-post","status-publish","format-standard","hentry","category-evenement","tag-art","tag-evenement","tag-visite"],"_links":{"self":[{"href":"https:\/\/www.chateau-montlau.com\/index.php\/wp-json\/wp\/v2\/posts\/2484","targetHints":{"allow":["GET"]}}],"collection":[{"href":"https:\/\/www.chateau-montlau.com\/index.php\/wp-json\/wp\/v2\/posts"}],"about":[{"href":"https:\/\/www.chateau-montlau.com\/index.php\/wp-json\/wp\/v2\/types\/post"}],"author":[{"embeddable":true,"href":"https:\/\/www.chateau-montlau.com\/index.php\/wp-json\/wp\/v2\/users\/1"}],"replies":[{"embeddable":true,"href":"https:\/\/www.chateau-montlau.com\/index.php\/wp-json\/wp\/v2\/comments?post=2484"}],"version-history":[{"count":5,"href":"https:\/\/www.chateau-montlau.com\/index.php\/wp-json\/wp\/v2\/posts\/2484\/revisions"}],"predecessor-version":[{"id":2523,"href":"https:\/\/www.chateau-montlau.com\/index.php\/wp-json\/wp\/v2\/posts\/2484\/revisions\/2523"}],"wp:attachment":[{"href":"https:\/\/www.chateau-montlau.com\/index.php\/wp-json\/wp\/v2\/media?parent=2484"}],"wp:term":[{"taxonomy":"category","embeddable":true,"href":"https:\/\/www.chateau-montlau.com\/index.php\/wp-json\/wp\/v2\/categories?post=2484"},{"taxonomy":"post_tag","embeddable":true,"href":"https:\/\/www.chateau-montlau.com\/index.php\/wp-json\/wp\/v2\/tags?post=2484"}],"curies":[{"name":"wp","href":"https:\/\/api.w.org\/{rel}","templated":true}]}}