{"id":2802,"date":"2022-03-22T22:37:27","date_gmt":"2022-03-22T21:37:27","guid":{"rendered":"https:\/\/vendeeequievents.com\/montlau\/?p=2802"},"modified":"2022-03-26T13:27:54","modified_gmt":"2022-03-26T12:27:54","slug":"retrouvez-nous-du-15-au-17-mai-2022-au-salon-prowein-a-dusseldorf","status":"publish","type":"post","link":"https:\/\/www.chateau-montlau.com\/index.php\/2022\/03\/22\/retrouvez-nous-du-15-au-17-mai-2022-au-salon-prowein-a-dusseldorf\/","title":{"rendered":"Retrouvez-nous du 15 au 17 mai 2022 au salon ProWein \u00e0  D\u00fcsseldorf !"},"content":{"rendered":"\n<p>Nous serons pr\u00e9sents au prochain <a href=\"https:\/\/www.prowein.fr\/\" target=\"_blank\" rel=\"noreferrer noopener\">Salon ProWein \u00e0 D\u00fcsseldorf <\/a>pour pr\u00e9senter les vins du Ch\u00e2teau Montlau lors de ce rendez-vous international des vins et spiritueux. C&rsquo;est un r\u00e9el plaisir que de retrouver le chemin de ces incontournables lieux d&rsquo;\u00e9change et de partage international.<\/p>\n\n\n\n<p><\/p>\n\n\n\n<figure class=\"wp-block-image size-full\"><img loading=\"lazy\" decoding=\"async\" width=\"567\" height=\"802\" src=\"https:\/\/vendeeequievents.com\/montlau\/wp-content\/uploads\/2022\/03\/ProWein-2022.png\" alt=\"\" class=\"wp-image-2803\" srcset=\"https:\/\/www.chateau-montlau.com\/wp-content\/uploads\/2022\/03\/ProWein-2022.png 567w, https:\/\/www.chateau-montlau.com\/wp-content\/uploads\/2022\/03\/ProWein-2022-212x300.png 212w\" sizes=\"auto, (max-width: 567px) 100vw, 567px\" \/><\/figure>\n\n\n\n<!--more-->\n\n\n\n<p>Nous serons ravis de vous accueillir lors du salon ProWein et vous faire d\u00e9couvrir nos vins \u00e9lev\u00e9s depuis 50 ans par Armand Schuster de Ballwil<\/p>\n\n\n\n<p>Pour nous trouver facilement : <a href=\"https:\/\/www.prowein.com\/vis\/v1\/en\/exhibitors\/prowein2022.2686894?lang_code=en\">plan du salon<\/a><\/p>\n","protected":false},"excerpt":{"rendered":"<p>Nous serons pr\u00e9sents au prochain Salon ProWein \u00e0 D\u00fcsseldorf pour pr\u00e9senter les vins du Ch\u00e2teau Montlau lors de ce rendez-vous international des vins et spiritueux. C&rsquo;est un r\u00e9el plaisir que<br class=\"read-more-spacer\"> <a class=\"more-link\" href=\"https:\/\/www.chateau-montlau.com\/index.php\/2022\/03\/22\/retrouvez-nous-du-15-au-17-mai-2022-au-salon-prowein-a-dusseldorf\/\">Read More<\/a><\/p>\n","protected":false},"author":1,"featured_media":0,"comment_status":"open","ping_status":"open","sticky":false,"template":"","format":"standard","meta":{"footnotes":""},"categories":[8],"tags":[],"class_list":["post-2802","post","type-post","status-publish","format-standard","hentry","category-evenement"],"_links":{"self":[{"href":"https:\/\/www.chateau-montlau.com\/index.php\/wp-json\/wp\/v2\/posts\/2802","targetHints":{"allow":["GET"]}}],"collection":[{"href":"https:\/\/www.chateau-montlau.com\/index.php\/wp-json\/wp\/v2\/posts"}],"about":[{"href":"https:\/\/www.chateau-montlau.com\/index.php\/wp-json\/wp\/v2\/types\/post"}],"author":[{"embeddable":true,"href":"https:\/\/www.chateau-montlau.com\/index.php\/wp-json\/wp\/v2\/users\/1"}],"replies":[{"embeddable":true,"href":"https:\/\/www.chateau-montlau.com\/index.php\/wp-json\/wp\/v2\/comments?post=2802"}],"version-history":[{"count":3,"href":"https:\/\/www.chateau-montlau.com\/index.php\/wp-json\/wp\/v2\/posts\/2802\/revisions"}],"predecessor-version":[{"id":2833,"href":"https:\/\/www.chateau-montlau.com\/index.php\/wp-json\/wp\/v2\/posts\/2802\/revisions\/2833"}],"wp:attachment":[{"href":"https:\/\/www.chateau-montlau.com\/index.php\/wp-json\/wp\/v2\/media?parent=2802"}],"wp:term":[{"taxonomy":"category","embeddable":true,"href":"https:\/\/www.chateau-montlau.com\/index.php\/wp-json\/wp\/v2\/categories?post=2802"},{"taxonomy":"post_tag","embeddable":true,"href":"https:\/\/www.chateau-montlau.com\/index.php\/wp-json\/wp\/v2\/tags?post=2802"}],"curies":[{"name":"wp","href":"https:\/\/api.w.org\/{rel}","templated":true}]}}