{"id":2892,"date":"2023-06-26T18:49:15","date_gmt":"2023-06-26T16:49:15","guid":{"rendered":"https:\/\/www.chateau-montlau.com\/?p=2892"},"modified":"2023-06-26T18:49:15","modified_gmt":"2023-06-26T16:49:15","slug":"intronisation-de-nouveaux-dignitaires","status":"publish","type":"post","link":"https:\/\/www.chateau-montlau.com\/index.php\/2023\/06\/26\/intronisation-de-nouveaux-dignitaires\/","title":{"rendered":"Intronisation de nouveaux dignitaires"},"content":{"rendered":"\n<p>Profitant de l\u2019ouverture de \u00ab\u00a0Bordeaux f\u00eate le vin\u00a0\u00bb,\u00a0 la F\u00e9d\u00e9ration de la Conn\u00e9tablie de Guyenne a re\u00e7u de nouveaux Dignitaires.<\/p>\n\n\n\n<p>Apr\u00e8s la c\u00e9r\u00e9monie, \u00a0Messieurs Dominique Guffon, Ch\u00e2teau Le S\u00e8pe, Sainte Radegonde, Vincent Percier,\u00a0Vignobles Percier, Targon, Bruno Baylet,\u00a0Ch\u00e2teau Landereau,\u00a0Sadirac, David Labat, Ch\u00e2teau Vermont et Pierre-Antoine Coperet, Ch\u00e2teau de Crain, Baron se distinguent d\u00e9sormais comme Conn\u00e9table en Entre2Mers, Conn\u00e9tablie reconnue pour son dynamisme au-del\u00e0 de nos fronti\u00e8res.<\/p>\n\n\n\n<p>Leurs pr\u00e9sences apporteront leurs talents de vignerons \u00e9clair\u00e9s \u00e0 cot\u00e9 de leurs pairs. Ils continueront \u00e0 magnifier le produit des terroirs reconnus pour leur excellence.<\/p>\n\n\n\n<figure class=\"wp-block-image size-large\"><img loading=\"lazy\" decoding=\"async\" width=\"1024\" height=\"683\" src=\"https:\/\/www.chateau-montlau.com\/wp-content\/uploads\/2023\/06\/IMG_3876-1024x683.jpg\" alt=\"\" class=\"wp-image-2893\" srcset=\"https:\/\/www.chateau-montlau.com\/wp-content\/uploads\/2023\/06\/IMG_3876-1024x683.jpg 1024w, https:\/\/www.chateau-montlau.com\/wp-content\/uploads\/2023\/06\/IMG_3876-300x200.jpg 300w, https:\/\/www.chateau-montlau.com\/wp-content\/uploads\/2023\/06\/IMG_3876-768x512.jpg 768w, https:\/\/www.chateau-montlau.com\/wp-content\/uploads\/2023\/06\/IMG_3876-1536x1024.jpg 1536w, https:\/\/www.chateau-montlau.com\/wp-content\/uploads\/2023\/06\/IMG_3876-2048x1365.jpg 2048w\" sizes=\"auto, (max-width: 1024px) 100vw, 1024px\" \/><\/figure>\n","protected":false},"excerpt":{"rendered":"<p>Profitant de l\u2019ouverture de \u00ab\u00a0Bordeaux f\u00eate le vin\u00a0\u00bb,\u00a0 la F\u00e9d\u00e9ration de la Conn\u00e9tablie de Guyenne a re\u00e7u de nouveaux Dignitaires. Apr\u00e8s la c\u00e9r\u00e9monie, \u00a0Messieurs Dominique Guffon, Ch\u00e2teau Le S\u00e8pe, Sainte<br class=\"read-more-spacer\"> <a class=\"more-link\" href=\"https:\/\/www.chateau-montlau.com\/index.php\/2023\/06\/26\/intronisation-de-nouveaux-dignitaires\/\">Read More<\/a><\/p>\n","protected":false},"author":1,"featured_media":0,"comment_status":"open","ping_status":"open","sticky":false,"template":"","format":"standard","meta":{"footnotes":""},"categories":[8],"tags":[],"class_list":["post-2892","post","type-post","status-publish","format-standard","hentry","category-evenement"],"_links":{"self":[{"href":"https:\/\/www.chateau-montlau.com\/index.php\/wp-json\/wp\/v2\/posts\/2892","targetHints":{"allow":["GET"]}}],"collection":[{"href":"https:\/\/www.chateau-montlau.com\/index.php\/wp-json\/wp\/v2\/posts"}],"about":[{"href":"https:\/\/www.chateau-montlau.com\/index.php\/wp-json\/wp\/v2\/types\/post"}],"author":[{"embeddable":true,"href":"https:\/\/www.chateau-montlau.com\/index.php\/wp-json\/wp\/v2\/users\/1"}],"replies":[{"embeddable":true,"href":"https:\/\/www.chateau-montlau.com\/index.php\/wp-json\/wp\/v2\/comments?post=2892"}],"version-history":[{"count":1,"href":"https:\/\/www.chateau-montlau.com\/index.php\/wp-json\/wp\/v2\/posts\/2892\/revisions"}],"predecessor-version":[{"id":2894,"href":"https:\/\/www.chateau-montlau.com\/index.php\/wp-json\/wp\/v2\/posts\/2892\/revisions\/2894"}],"wp:attachment":[{"href":"https:\/\/www.chateau-montlau.com\/index.php\/wp-json\/wp\/v2\/media?parent=2892"}],"wp:term":[{"taxonomy":"category","embeddable":true,"href":"https:\/\/www.chateau-montlau.com\/index.php\/wp-json\/wp\/v2\/categories?post=2892"},{"taxonomy":"post_tag","embeddable":true,"href":"https:\/\/www.chateau-montlau.com\/index.php\/wp-json\/wp\/v2\/tags?post=2892"}],"curies":[{"name":"wp","href":"https:\/\/api.w.org\/{rel}","templated":true}]}}